{"id":10789,"date":"2020-05-02T12:05:19","date_gmt":"2020-05-02T10:05:19","guid":{"rendered":"https:\/\/chateau-la-clyde.fr\/?p=10789"},"modified":"2023-06-09T16:15:29","modified_gmt":"2023-06-09T14:15:29","slug":"portes-ouvertes-cadillac","status":"publish","type":"post","link":"https:\/\/chateau-la-clyde.fr\/en\/portes-ouvertes-cadillac\/","title":{"rendered":"PORTES OUVERTES CADILLAC"},"content":{"rendered":"<p>[et_pb_section fb_built=\u00a0\u00bb1&Prime; admin_label=\u00a0\u00bbsection\u00a0\u00bb _builder_version=\u00a0\u00bb4.16&Prime; custom_padding=\u00a0\u00bb24px|||||\u00a0\u00bb global_colors_info=\u00a0\u00bb{}\u00a0\u00bb][et_pb_row admin_label=\u00a0\u00bbrow\u00a0\u00bb _builder_version=\u00a0\u00bb4.16&Prime; background_size=\u00a0\u00bbinitial\u00a0\u00bb background_position=\u00a0\u00bbtop_left\u00a0\u00bb background_repeat=\u00a0\u00bbrepeat\u00a0\u00bb global_colors_info=\u00a0\u00bb{}\u00a0\u00bb][et_pb_column type=\u00a0\u00bb4_4&Prime; _builder_version=\u00a0\u00bb4.16&Prime; custom_padding=\u00a0\u00bb|||\u00a0\u00bb global_colors_info=\u00a0\u00bb{}\u00a0\u00bb custom_padding__hover=\u00a0\u00bb|||\u00a0\u00bb][et_pb_text _builder_version=\u00a0\u00bb4.21.0&Prime; _module_preset=\u00a0\u00bbdefault\u00a0\u00bb header_2_font=\u00a0\u00bbRoboto|700|on||||||\u00a0\u00bb header_2_text_color=\u00a0\u00bb#1F3B67&Prime; header_2_font_size=\u00a0\u00bb30px\u00a0\u00bb global_colors_info=\u00a0\u00bb{}\u00a0\u00bb]<\/p>\n<h2>2018, 2019 et 2020\u00a0\u00a0 <\/h2>\n<p>[\/et_pb_text][et_pb_text admin_label=\u00a0\u00bbText\u00a0\u00bb _builder_version=\u00a0\u00bb4.21.0&Prime; text_font=\u00a0\u00bbRoboto||||||||\u00a0\u00bb text_text_color=\u00a0\u00bb#1F3B67&Prime; text_font_size=\u00a0\u00bb15px\u00a0\u00bb background_size=\u00a0\u00bbinitial\u00a0\u00bb background_position=\u00a0\u00bbtop_left\u00a0\u00bb background_repeat=\u00a0\u00bbrepeat\u00a0\u00bb global_colors_info=\u00a0\u00bb{}\u00a0\u00bb]<\/p>\n<p>Chaque ann\u00e9e durant le week-end de Pentec\u00f4te, pr\u00e8s d\u2019une cinquantaine de propri\u00e9t\u00e9s de l\u2019appellation vous ouvrent leurs portes de 10h \u00e0 19h autour d\u2019un programme all\u00e9chant : rallye de voitures anciennes (le plus grand rassemblement de voitures de collection du Sud-Ouest), circuits \u00e0 th\u00e8mes, cours gratuits d\u2019initiation \u00e0 la d\u00e9gustation, ateliers pour les enfants, d\u00e9couverte de produits du terroir.,<\/p>\n<p>[\/et_pb_text][et_pb_image src=\u00a0\u00bbhttps:\/\/chateau-la-clyde.fr\/wp-content\/uploads\/2021\/03\/Sans-titre-64.jpg\u00a0\u00bb title_text=\u00a0\u00bbSans titre (64)\u00a0\u00bb _builder_version=\u00a0\u00bb4.21.0&Prime; _module_preset=\u00a0\u00bbdefault\u00a0\u00bb hover_enabled=\u00a0\u00bb0&Prime; box_shadow_style=\u00a0\u00bbpreset2&Prime; global_colors_info=\u00a0\u00bb{}\u00a0\u00bb show_in_lightbox=\u00a0\u00bbon\u00a0\u00bb sticky_enabled=\u00a0\u00bb0&Prime;][\/et_pb_image][\/et_pb_column][\/et_pb_row][\/et_pb_section][et_pb_section fb_built=\u00a0\u00bb1&Prime; _builder_version=\u00a0\u00bb4.21.0&Prime; _module_preset=\u00a0\u00bbdefault\u00a0\u00bb background_color=\u00a0\u00bb#1b1c1e\u00a0\u00bb module_alignment=\u00a0\u00bbcenter\u00a0\u00bb custom_margin=\u00a0\u00bb|||0px|false|false\u00a0\u00bb custom_padding=\u00a0\u00bb|||0px|false|false\u00a0\u00bb box_shadow_style=\u00a0\u00bbpreset2&Prime; global_colors_info=\u00a0\u00bb{}\u00a0\u00bb][et_pb_row use_custom_gutter=\u00a0\u00bbon\u00a0\u00bb make_equal=\u00a0\u00bbon\u00a0\u00bb custom_padding_last_edited=\u00a0\u00bbon|phone\u00a0\u00bb _builder_version=\u00a0\u00bb4.21.0&Prime; width=\u00a0\u00bb100%\u00a0\u00bb max_width=\u00a0\u00bb1483px\u00a0\u00bb custom_margin=\u00a0\u00bb||0px|0px|false|false\u00a0\u00bb custom_padding=\u00a0\u00bb0%||0px|1px|false|false\u00a0\u00bb custom_padding_tablet=\u00a0\u00bb\u00a0\u00bb custom_padding_phone=\u00a0\u00bb|10%||10%|false|true\u00a0\u00bb locked=\u00a0\u00bboff\u00a0\u00bb global_colors_info=\u00a0\u00bb{}\u00a0\u00bb][et_pb_column type=\u00a0\u00bb4_4&Prime; _builder_version=\u00a0\u00bb4.16&Prime; global_colors_info=\u00a0\u00bb{}\u00a0\u00bb][et_pb_text _builder_version=\u00a0\u00bb4.21.0&Prime; _module_preset=\u00a0\u00bbdefault\u00a0\u00bb text_font=\u00a0\u00bbKarla||||||||\u00a0\u00bb text_text_color=\u00a0\u00bb#222222&Prime; text_font_size=\u00a0\u00bb20px\u00a0\u00bb text_line_height=\u00a0\u00bb1.2em\u00a0\u00bb header_2_font=\u00a0\u00bbItaliana|||on|||||\u00a0\u00bb header_2_text_align=\u00a0\u00bbcenter\u00a0\u00bb header_2_text_color=\u00a0\u00bb#ffffff\u00a0\u00bb header_2_font_size=\u00a0\u00bb35px\u00a0\u00bb header_3_font=\u00a0\u00bbIbarra Real Nova||||||||\u00a0\u00bb header_3_font_size=\u00a0\u00bb30px\u00a0\u00bb text_orientation=\u00a0\u00bbcenter\u00a0\u00bb custom_margin=\u00a0\u00bb||0px||false|false\u00a0\u00bb custom_padding=\u00a0\u00bb||0px||false|false\u00a0\u00bb global_colors_info=\u00a0\u00bb{}\u00a0\u00bb]<\/p>\n<h2>\u00c0 voir !<\/h2>\n<p>[\/et_pb_text][et_pb_divider color=\u00a0\u00bb#ffffff\u00a0\u00bb divider_weight=\u00a0\u00bb1px\u00a0\u00bb _builder_version=\u00a0\u00bb4.16&Prime; _module_preset=\u00a0\u00bbdefault\u00a0\u00bb transform_rotate=\u00a0\u00bb0deg|0deg|90deg\u00a0\u00bb width=\u00a0\u00bb40px\u00a0\u00bb module_alignment=\u00a0\u00bbcenter\u00a0\u00bb custom_margin=\u00a0\u00bb0px||12px||false|false\u00a0\u00bb custom_padding=\u00a0\u00bb0px||0px||false|false\u00a0\u00bb custom_padding_tablet=\u00a0\u00bb18px||0px||false|false\u00a0\u00bb custom_padding_phone=\u00a0\u00bb\u00a0\u00bb custom_padding_last_edited=\u00a0\u00bbon|tablet\u00a0\u00bb global_colors_info=\u00a0\u00bb{}\u00a0\u00bb][\/et_pb_divider][et_pb_text admin_label=\u00a0\u00bbText\u00a0\u00bb _builder_version=\u00a0\u00bb4.21.0&Prime; text_text_color=\u00a0\u00bb#ffffff\u00a0\u00bb text_font_size=\u00a0\u00bb15px\u00a0\u00bb background_size=\u00a0\u00bbinitial\u00a0\u00bb background_position=\u00a0\u00bbtop_left\u00a0\u00bb background_repeat=\u00a0\u00bbrepeat\u00a0\u00bb max_width=\u00a0\u00bb616px\u00a0\u00bb max_width_tablet=\u00a0\u00bb463px\u00a0\u00bb max_width_phone=\u00a0\u00bb463px\u00a0\u00bb max_width_last_edited=\u00a0\u00bbon|phone\u00a0\u00bb module_alignment=\u00a0\u00bbcenter\u00a0\u00bb custom_margin=\u00a0\u00bb|||-56px|false|false\u00a0\u00bb custom_padding=\u00a0\u00bb|||0px|false|false\u00a0\u00bb locked=\u00a0\u00bboff\u00a0\u00bb global_colors_info=\u00a0\u00bb{}\u00a0\u00bb]<\/p>\n<p>Un des plus grands rallyes du Sud Ouest, par le nombre et la vari\u00e9t\u00e9 des v\u00e9hicules engag\u00e9s : de la de Dion-Bouton 1905 \u00e0 la Ferrari 250, du cabriolet Del\u00e2ge D6 au coup\u00e9 de Ville Cadillac 1959, en passant par une Vespa 400, une Sunbeam Alpine ou une 4CV, on peut croiser tous les styles d&rsquo;autos anciennes (et de passionn\u00e9s) pendant ce week-end d\u00e9di\u00e9 \u00e0 la convivialit\u00e9 !<\/p>\n<p>[\/et_pb_text][\/et_pb_column][\/et_pb_row][\/et_pb_section][et_pb_section fb_built=\u00a0\u00bb1&Prime; _builder_version=\u00a0\u00bb4.16&Prime; _module_preset=\u00a0\u00bbdefault\u00a0\u00bb custom_padding=\u00a0\u00bb||9px|||\u00a0\u00bb global_colors_info=\u00a0\u00bb{}\u00a0\u00bb][et_pb_row admin_label=\u00a0\u00bbrow\u00a0\u00bb _builder_version=\u00a0\u00bb4.16&Prime; background_size=\u00a0\u00bbinitial\u00a0\u00bb background_position=\u00a0\u00bbtop_left\u00a0\u00bb background_repeat=\u00a0\u00bbrepeat\u00a0\u00bb global_colors_info=\u00a0\u00bb{}\u00a0\u00bb][et_pb_column type=\u00a0\u00bb4_4&Prime; _builder_version=\u00a0\u00bb4.16&Prime; custom_padding=\u00a0\u00bb|||\u00a0\u00bb global_colors_info=\u00a0\u00bb{}\u00a0\u00bb custom_padding__hover=\u00a0\u00bb|||\u00a0\u00bb][et_pb_text _builder_version=\u00a0\u00bb4.21.0&Prime; _module_preset=\u00a0\u00bbdefault\u00a0\u00bb text_font=\u00a0\u00bbRoboto||||||||\u00a0\u00bb text_text_color=\u00a0\u00bb#1F3B67&Prime; header_2_font=\u00a0\u00bbRoboto|700|on||||||\u00a0\u00bb header_2_text_color=\u00a0\u00bb#1F3B67&Prime; header_2_font_size=\u00a0\u00bb30px\u00a0\u00bb global_colors_info=\u00a0\u00bb{}\u00a0\u00bb]<\/p>\n<h2>PATRIMOINE &amp; PAYSAGES<\/h2>\n<p>[\/et_pb_text][et_pb_text admin_label=\u00a0\u00bbText\u00a0\u00bb _builder_version=\u00a0\u00bb4.21.0&Prime; text_font=\u00a0\u00bbRoboto||||||||\u00a0\u00bb text_text_color=\u00a0\u00bb#1F3B67&Prime; text_font_size=\u00a0\u00bb15px\u00a0\u00bb background_size=\u00a0\u00bbinitial\u00a0\u00bb background_position=\u00a0\u00bbtop_left\u00a0\u00bb background_repeat=\u00a0\u00bbrepeat\u00a0\u00bb global_colors_info=\u00a0\u00bb{}\u00a0\u00bb]<\/p>\n<p>Petites routes au milieu des vignes, sur le haut des coteaux dominant la Garonne, propri\u00e9t\u00e9s viticoles, ch\u00e2teaux forts, villages m\u00e9di\u00e9vaux, moulins \u00e0 vent caract\u00e9risent cette r\u00e9gion \u00e0 d\u00e9couvrir surnomm\u00e9e la Toscane girondine.<\/p>\n<p>[\/et_pb_text][et_pb_image src=\u00a0\u00bbhttps:\/\/chateau-la-clyde.fr\/wp-content\/uploads\/2023\/06\/paysages-la-clyde.jpg\u00a0\u00bb title_text=\u00a0\u00bbpaysages-la-clyde\u00a0\u00bb show_in_lightbox=\u00a0\u00bbon\u00a0\u00bb _builder_version=\u00a0\u00bb4.21.0&Prime; _module_preset=\u00a0\u00bbdefault\u00a0\u00bb box_shadow_style=\u00a0\u00bbpreset2&Prime; global_colors_info=\u00a0\u00bb{}\u00a0\u00bb][\/et_pb_image][\/et_pb_column][\/et_pb_row][\/et_pb_section][et_pb_section fb_built=\u00a0\u00bb1&Prime; _builder_version=\u00a0\u00bb4.16&Prime; _module_preset=\u00a0\u00bbdefault\u00a0\u00bb custom_padding=\u00a0\u00bb||11px|||\u00a0\u00bb global_colors_info=\u00a0\u00bb{}\u00a0\u00bb][et_pb_row column_structure=\u00a0\u00bb1_2,1_2&Prime; _builder_version=\u00a0\u00bb4.16&Prime; _module_preset=\u00a0\u00bbdefault\u00a0\u00bb custom_margin=\u00a0\u00bb||||false|false\u00a0\u00bb global_colors_info=\u00a0\u00bb{}\u00a0\u00bb][et_pb_column type=\u00a0\u00bb1_2&Prime; _builder_version=\u00a0\u00bb4.16&Prime; _module_preset=\u00a0\u00bbdefault\u00a0\u00bb global_colors_info=\u00a0\u00bb{}\u00a0\u00bb][et_pb_text _builder_version=\u00a0\u00bb4.21.0&Prime; _module_preset=\u00a0\u00bbdefault\u00a0\u00bb header_2_font=\u00a0\u00bbRoboto|700|on||||||\u00a0\u00bb header_2_text_color=\u00a0\u00bb#1F3B67&Prime; header_2_font_size=\u00a0\u00bb30px\u00a0\u00bb header_3_font=\u00a0\u00bbRoboto|700|||||||\u00a0\u00bb header_3_text_color=\u00a0\u00bb#1F3B67&Prime; global_colors_info=\u00a0\u00bb{}\u00a0\u00bb]<\/p>\n<h2>RESTAURATION<\/h2>\n<h3>\u00e0 La Clyde \u00a0pour 9 \u00e9quipages.<\/h3>\n<p>[\/et_pb_text][et_pb_text admin_label=\u00a0\u00bbText\u00a0\u00bb _builder_version=\u00a0\u00bb4.21.0&Prime; text_text_color=\u00a0\u00bb#222222&Prime; text_font_size=\u00a0\u00bb15px\u00a0\u00bb background_size=\u00a0\u00bbinitial\u00a0\u00bb background_position=\u00a0\u00bbtop_left\u00a0\u00bb background_repeat=\u00a0\u00bbrepeat\u00a0\u00bb global_colors_info=\u00a0\u00bb{}\u00a0\u00bb]<\/p>\n<p>&nbsp;<\/p>\n<p>Nous avons eu le plaisir de faire d\u00e9couvrir nos vins au cours du repas du dimanche midi dans notre salle de d\u00e9gustation.<\/p>\n<p>[\/et_pb_text][\/et_pb_column][et_pb_column type=\u00a0\u00bb1_2&Prime; _builder_version=\u00a0\u00bb4.16&Prime; _module_preset=\u00a0\u00bbdefault\u00a0\u00bb global_colors_info=\u00a0\u00bb{}\u00a0\u00bb][et_pb_image src=\u00a0\u00bbhttps:\/\/chateau-la-clyde.fr\/wp-content\/uploads\/2021\/03\/Sans-titre-65.jpg\u00a0\u00bb title_text=\u00a0\u00bbSans titre (65)\u00a0\u00bb _builder_version=\u00a0\u00bb4.21.0&Prime; _module_preset=\u00a0\u00bbdefault\u00a0\u00bb box_shadow_style=\u00a0\u00bbpreset2&Prime; global_colors_info=\u00a0\u00bb{}\u00a0\u00bb][\/et_pb_image][\/et_pb_column][\/et_pb_row][\/et_pb_section][et_pb_section fb_built=\u00a0\u00bb1&Prime; _builder_version=\u00a0\u00bb4.21.0&Prime; _module_preset=\u00a0\u00bbdefault\u00a0\u00bb custom_padding=\u00a0\u00bb17px||9px|||\u00a0\u00bb global_colors_info=\u00a0\u00bb{}\u00a0\u00bb][et_pb_row _builder_version=\u00a0\u00bb4.21.0&Prime; _module_preset=\u00a0\u00bbdefault\u00a0\u00bb background_enable_image=\u00a0\u00bboff\u00a0\u00bb width=\u00a0\u00bb100%\u00a0\u00bb max_width=\u00a0\u00bb1888px\u00a0\u00bb custom_padding=\u00a0\u00bb13px||11px|||\u00a0\u00bb global_colors_info=\u00a0\u00bb{}\u00a0\u00bb][et_pb_column type=\u00a0\u00bb4_4&Prime; _builder_version=\u00a0\u00bb4.21.0&Prime; _module_preset=\u00a0\u00bbdefault\u00a0\u00bb global_colors_info=\u00a0\u00bb{}\u00a0\u00bb][et_pb_slider _builder_version=\u00a0\u00bb4.21.0&Prime; _module_preset=\u00a0\u00bbdefault\u00a0\u00bb custom_button=\u00a0\u00bbon\u00a0\u00bb button_text_size=\u00a0\u00bb17px\u00a0\u00bb button_text_color=\u00a0\u00bb#FFFFFF\u00a0\u00bb button_bg_color=\u00a0\u00bb#1F3B67&Prime; button_border_width=\u00a0\u00bb0px\u00a0\u00bb button_border_color=\u00a0\u00bb#39a741&Prime; button_border_radius=\u00a0\u00bb4px\u00a0\u00bb button_font=\u00a0\u00bbRoboto|700||on|||||\u00a0\u00bb button_text_size_tablet=\u00a0\u00bb17px\u00a0\u00bb button_text_size_phone=\u00a0\u00bb15px\u00a0\u00bb button_text_size_last_edited=\u00a0\u00bbon|phone\u00a0\u00bb button_text_shadow_style=\u00a0\u00bbpreset2&Prime; box_shadow_style=\u00a0\u00bbpreset2&Prime; box_shadow_style_button=\u00a0\u00bbpreset2&Prime; box_shadow_blur_button=\u00a0\u00bb5px\u00a0\u00bb global_colors_info=\u00a0\u00bb{}\u00a0\u00bb button_text_color__hover=\u00a0\u00bb#FFFFFF\u00a0\u00bb button_text_color__hover_enabled=\u00a0\u00bbon|hover\u00a0\u00bb button_bg_color__hover=\u00a0\u00bb#1F3B67&Prime; button_bg_color__hover_enabled=\u00a0\u00bbon|desktop\u00a0\u00bb button_border_color__hover=\u00a0\u00bb#AE783E\u00a0\u00bb button_border_color__hover_enabled=\u00a0\u00bbon\u00a0\u00bb button_border_radius__hover=\u00a0\u00bb4px\u00a0\u00bb button_border_radius__hover_enabled=\u00a0\u00bbon|hover\u00a0\u00bb][et_pb_slide heading=\u00a0\u00bbUne subtile harmonie entre la Nature et l&rsquo;Homme\u00a0\u00bb button_text=\u00a0\u00bbContactez-nous\u00a0\u00bb button_link=\u00a0\u00bbhttps:\/\/chateau-la-clyde.fr\/contact\/\u00a0\u00bb url_new_window=\u00a0\u00bbon\u00a0\u00bb use_text_overlay=\u00a0\u00bboff\u00a0\u00bb _builder_version=\u00a0\u00bb4.21.0&Prime; _module_preset=\u00a0\u00bbdefault\u00a0\u00bb header_font=\u00a0\u00bbRoboto|700|||||||\u00a0\u00bb header_text_color=\u00a0\u00bb#FFFFFF\u00a0\u00bb header_font_size=\u00a0\u00bb33px\u00a0\u00bb body_font=\u00a0\u00bbRoboto|700|||||||\u00a0\u00bb body_font_size=\u00a0\u00bb18px\u00a0\u00bb background_enable_color=\u00a0\u00bboff\u00a0\u00bb background_image=\u00a0\u00bbhttps:\/\/chateau-la-clyde.fr\/wp-content\/uploads\/2023\/05\/vignes-chateau-la-clyde-arc-en-ciel-clocher.jpg\u00a0\u00bb background_enable_image=\u00a0\u00bbon\u00a0\u00bb background_position=\u00a0\u00bbbottom_left\u00a0\u00bb header_font_size_tablet=\u00a0\u00bb33px\u00a0\u00bb header_font_size_phone=\u00a0\u00bb22px\u00a0\u00bb header_font_size_last_edited=\u00a0\u00bbon|phone\u00a0\u00bb background_last_edited=\u00a0\u00bbon|phone\u00a0\u00bb background_size_phone=\u00a0\u00bbcover\u00a0\u00bb background_position_tablet=\u00a0\u00bbbottom_left\u00a0\u00bb background_position_phone=\u00a0\u00bbbottom_left\u00a0\u00bb background_horizontal_offset_tablet=\u00a0\u00bb0%\u00a0\u00bb header_text_shadow_style=\u00a0\u00bbpreset1&Prime; body_text_shadow_style=\u00a0\u00bbpreset1&Prime; global_colors_info=\u00a0\u00bb{}\u00a0\u00bb sticky_transition=\u00a0\u00bbon\u00a0\u00bb]<\/p>\n<p>Un respect mutuel. Relier l&rsquo;intelligence du vivant.<\/p>\n<p>[\/et_pb_slide][\/et_pb_slider][\/et_pb_column][\/et_pb_row][\/et_pb_section]<\/p>\n","protected":false},"excerpt":{"rendered":"<p>2018, 2019 et 2020\u00a0\u00a0 Chaque ann\u00e9e durant le week-end de Pentec\u00f4te, pr\u00e8s d\u2019une cinquantaine de propri\u00e9t\u00e9s de l\u2019appellation vous ouvrent leurs portes de 10h \u00e0 19h autour d\u2019un programme all\u00e9chant : rallye de voitures anciennes (le plus grand rassemblement de voitures de collection du Sud-Ouest), circuits \u00e0 th\u00e8mes, cours gratuits d\u2019initiation \u00e0 la d\u00e9gustation, ateliers [&hellip;]<\/p>\n","protected":false},"author":3,"featured_media":10792,"comment_status":"open","ping_status":"open","sticky":false,"template":"","format":"standard","meta":{"_et_pb_use_builder":"on","_et_pb_old_content":"","_et_gb_content_width":""},"categories":[16],"tags":[],"yoast_head":"<!-- This site is optimized with the Yoast SEO plugin v21.8.1 - https:\/\/yoast.com\/wordpress\/plugins\/seo\/ -->\n<title>PORTES OUVERTES CADILLAC - Ch\u00e2teau La CLYDE. Vins de Bordeaux Bio et Biodynamie<\/title>\n<meta name=\"robots\" content=\"index, follow, max-snippet:-1, max-image-preview:large, max-video-preview:-1\" \/>\n<link rel=\"canonical\" href=\"https:\/\/chateau-la-clyde.fr\/en\/portes-ouvertes-cadillac\/\" \/>\n<meta property=\"og:locale\" content=\"en_GB\" \/>\n<meta property=\"og:type\" content=\"article\" \/>\n<meta property=\"og:title\" content=\"PORTES OUVERTES CADILLAC - Ch\u00e2teau La CLYDE. Vins de Bordeaux Bio et Biodynamie\" \/>\n<meta property=\"og:description\" content=\"2018, 2019 et 2020\u00a0\u00a0 Chaque ann\u00e9e durant le week-end de Pentec\u00f4te, pr\u00e8s d\u2019une cinquantaine de propri\u00e9t\u00e9s de l\u2019appellation vous ouvrent leurs portes de 10h \u00e0 19h autour d\u2019un programme all\u00e9chant : rallye de voitures anciennes (le plus grand rassemblement de voitures de collection du Sud-Ouest), circuits \u00e0 th\u00e8mes, cours gratuits d\u2019initiation \u00e0 la d\u00e9gustation, ateliers [&hellip;]\" \/>\n<meta property=\"og:url\" content=\"https:\/\/chateau-la-clyde.fr\/en\/portes-ouvertes-cadillac\/\" \/>\n<meta property=\"og:site_name\" content=\"Ch\u00e2teau La CLYDE. Vins de Bordeaux Bio et Biodynamie\" \/>\n<meta property=\"article:publisher\" content=\"https:\/\/www.facebook.com\/CHATEAULACLYDE\" \/>\n<meta property=\"article:published_time\" content=\"2020-05-02T10:05:19+00:00\" \/>\n<meta property=\"article:modified_time\" content=\"2023-06-09T14:15:29+00:00\" \/>\n<meta property=\"og:image\" content=\"https:\/\/chateau-la-clyde.fr\/wp-content\/uploads\/2023\/06\/cadillac-la-clydejpg.jpg\" \/>\n\t<meta property=\"og:image:width\" content=\"800\" \/>\n\t<meta property=\"og:image:height\" content=\"488\" \/>\n\t<meta property=\"og:image:type\" content=\"image\/jpeg\" \/>\n<meta name=\"author\" content=\"Florence\" \/>\n<script type=\"application\/ld+json\" class=\"yoast-schema-graph\">{\"@context\":\"https:\/\/schema.org\",\"@graph\":[{\"@type\":\"Article\",\"@id\":\"https:\/\/chateau-la-clyde.fr\/portes-ouvertes-cadillac\/#article\",\"isPartOf\":{\"@id\":\"https:\/\/chateau-la-clyde.fr\/portes-ouvertes-cadillac\/\"},\"author\":{\"name\":\"Florence\",\"@id\":\"https:\/\/chateau-la-clyde.fr\/#\/schema\/person\/68b8d8b415901ab3da60f44b9e488633\"},\"headline\":\"PORTES OUVERTES CADILLAC\",\"datePublished\":\"2020-05-02T10:05:19+00:00\",\"dateModified\":\"2023-06-09T14:15:29+00:00\",\"mainEntityOfPage\":{\"@id\":\"https:\/\/chateau-la-clyde.fr\/portes-ouvertes-cadillac\/\"},\"wordCount\":1320,\"commentCount\":0,\"publisher\":{\"@id\":\"https:\/\/chateau-la-clyde.fr\/#organization\"},\"articleSection\":[\"\u00c9v\u00e9nements\"],\"inLanguage\":\"en-GB\",\"potentialAction\":[{\"@type\":\"CommentAction\",\"name\":\"Comment\",\"target\":[\"https:\/\/chateau-la-clyde.fr\/portes-ouvertes-cadillac\/#respond\"]}]},{\"@type\":\"WebPage\",\"@id\":\"https:\/\/chateau-la-clyde.fr\/portes-ouvertes-cadillac\/\",\"url\":\"https:\/\/chateau-la-clyde.fr\/portes-ouvertes-cadillac\/\",\"name\":\"PORTES OUVERTES CADILLAC - Ch\u00e2teau La CLYDE. Vins de Bordeaux Bio et Biodynamie\",\"isPartOf\":{\"@id\":\"https:\/\/chateau-la-clyde.fr\/#website\"},\"datePublished\":\"2020-05-02T10:05:19+00:00\",\"dateModified\":\"2023-06-09T14:15:29+00:00\",\"breadcrumb\":{\"@id\":\"https:\/\/chateau-la-clyde.fr\/portes-ouvertes-cadillac\/#breadcrumb\"},\"inLanguage\":\"en-GB\",\"potentialAction\":[{\"@type\":\"ReadAction\",\"target\":[\"https:\/\/chateau-la-clyde.fr\/portes-ouvertes-cadillac\/\"]}]},{\"@type\":\"BreadcrumbList\",\"@id\":\"https:\/\/chateau-la-clyde.fr\/portes-ouvertes-cadillac\/#breadcrumb\",\"itemListElement\":[{\"@type\":\"ListItem\",\"position\":1,\"name\":\"Accueil\",\"item\":\"https:\/\/chateau-la-clyde.fr\/\"},{\"@type\":\"ListItem\",\"position\":2,\"name\":\"PORTES OUVERTES CADILLAC\"}]},{\"@type\":\"WebSite\",\"@id\":\"https:\/\/chateau-la-clyde.fr\/#website\",\"url\":\"https:\/\/chateau-la-clyde.fr\/\",\"name\":\"Ch\u00e2teau La CLYDE. Vins de Bordeaux Bio et Biodynamie\",\"description\":\"Le complice indispensable de vos repas gastronomiques\",\"publisher\":{\"@id\":\"https:\/\/chateau-la-clyde.fr\/#organization\"},\"alternateName\":\"Ch\u00e2teau La Clyde\",\"potentialAction\":[{\"@type\":\"SearchAction\",\"target\":{\"@type\":\"EntryPoint\",\"urlTemplate\":\"https:\/\/chateau-la-clyde.fr\/?s={search_term_string}\"},\"query-input\":\"required name=search_term_string\"}],\"inLanguage\":\"en-GB\"},{\"@type\":\"Organization\",\"@id\":\"https:\/\/chateau-la-clyde.fr\/#organization\",\"name\":\"Ch\u00e2teau La CLYDE\",\"url\":\"https:\/\/chateau-la-clyde.fr\/\",\"logo\":{\"@type\":\"ImageObject\",\"inLanguage\":\"en-GB\",\"@id\":\"https:\/\/chateau-la-clyde.fr\/#\/schema\/logo\/image\/\",\"url\":\"https:\/\/chateau-la-clyde.fr\/wp-content\/uploads\/2023\/05\/chateau-la-clyde-logo-300.png\",\"contentUrl\":\"https:\/\/chateau-la-clyde.fr\/wp-content\/uploads\/2023\/05\/chateau-la-clyde-logo-300.png\",\"width\":300,\"height\":300,\"caption\":\"Ch\u00e2teau La CLYDE\"},\"image\":{\"@id\":\"https:\/\/chateau-la-clyde.fr\/#\/schema\/logo\/image\/\"},\"sameAs\":[\"https:\/\/www.facebook.com\/CHATEAULACLYDE\",\"https:\/\/www.instagram.com\/chateau.la.clyde\/\",\"https:\/\/www.linkedin.com\/company\/chteau-la-clyde\/\"]},{\"@type\":\"Person\",\"@id\":\"https:\/\/chateau-la-clyde.fr\/#\/schema\/person\/68b8d8b415901ab3da60f44b9e488633\",\"name\":\"Florence\",\"image\":{\"@type\":\"ImageObject\",\"inLanguage\":\"en-GB\",\"@id\":\"https:\/\/chateau-la-clyde.fr\/#\/schema\/person\/image\/\",\"url\":\"https:\/\/secure.gravatar.com\/avatar\/6f80b5138b240ca93f792c9e244b512f?s=96&d=mm&r=g\",\"contentUrl\":\"https:\/\/secure.gravatar.com\/avatar\/6f80b5138b240ca93f792c9e244b512f?s=96&d=mm&r=g\",\"caption\":\"Florence\"},\"url\":\"https:\/\/chateau-la-clyde.fr\/en\/author\/florence684admin812yyy\/\"}]}<\/script>\n<!-- \/ Yoast SEO plugin. -->","yoast_head_json":{"title":"PORTES OUVERTES CADILLAC - Ch\u00e2teau La CLYDE. Vins de Bordeaux Bio et Biodynamie","robots":{"index":"index","follow":"follow","max-snippet":"max-snippet:-1","max-image-preview":"max-image-preview:large","max-video-preview":"max-video-preview:-1"},"canonical":"https:\/\/chateau-la-clyde.fr\/en\/portes-ouvertes-cadillac\/","og_locale":"en_GB","og_type":"article","og_title":"PORTES OUVERTES CADILLAC - Ch\u00e2teau La CLYDE. Vins de Bordeaux Bio et Biodynamie","og_description":"2018, 2019 et 2020\u00a0\u00a0 Chaque ann\u00e9e durant le week-end de Pentec\u00f4te, pr\u00e8s d\u2019une cinquantaine de propri\u00e9t\u00e9s de l\u2019appellation vous ouvrent leurs portes de 10h \u00e0 19h autour d\u2019un programme all\u00e9chant : rallye de voitures anciennes (le plus grand rassemblement de voitures de collection du Sud-Ouest), circuits \u00e0 th\u00e8mes, cours gratuits d\u2019initiation \u00e0 la d\u00e9gustation, ateliers [&hellip;]","og_url":"https:\/\/chateau-la-clyde.fr\/en\/portes-ouvertes-cadillac\/","og_site_name":"Ch\u00e2teau La CLYDE. Vins de Bordeaux Bio et Biodynamie","article_publisher":"https:\/\/www.facebook.com\/CHATEAULACLYDE","article_published_time":"2020-05-02T10:05:19+00:00","article_modified_time":"2023-06-09T14:15:29+00:00","og_image":[{"width":800,"height":488,"url":"https:\/\/chateau-la-clyde.fr\/wp-content\/uploads\/2023\/06\/cadillac-la-clydejpg.jpg","type":"image\/jpeg"}],"author":"Florence","schema":{"@context":"https:\/\/schema.org","@graph":[{"@type":"Article","@id":"https:\/\/chateau-la-clyde.fr\/portes-ouvertes-cadillac\/#article","isPartOf":{"@id":"https:\/\/chateau-la-clyde.fr\/portes-ouvertes-cadillac\/"},"author":{"name":"Florence","@id":"https:\/\/chateau-la-clyde.fr\/#\/schema\/person\/68b8d8b415901ab3da60f44b9e488633"},"headline":"PORTES OUVERTES CADILLAC","datePublished":"2020-05-02T10:05:19+00:00","dateModified":"2023-06-09T14:15:29+00:00","mainEntityOfPage":{"@id":"https:\/\/chateau-la-clyde.fr\/portes-ouvertes-cadillac\/"},"wordCount":1320,"commentCount":0,"publisher":{"@id":"https:\/\/chateau-la-clyde.fr\/#organization"},"articleSection":["\u00c9v\u00e9nements"],"inLanguage":"en-GB","potentialAction":[{"@type":"CommentAction","name":"Comment","target":["https:\/\/chateau-la-clyde.fr\/portes-ouvertes-cadillac\/#respond"]}]},{"@type":"WebPage","@id":"https:\/\/chateau-la-clyde.fr\/portes-ouvertes-cadillac\/","url":"https:\/\/chateau-la-clyde.fr\/portes-ouvertes-cadillac\/","name":"PORTES OUVERTES CADILLAC - Ch\u00e2teau La CLYDE. Vins de Bordeaux Bio et Biodynamie","isPartOf":{"@id":"https:\/\/chateau-la-clyde.fr\/#website"},"datePublished":"2020-05-02T10:05:19+00:00","dateModified":"2023-06-09T14:15:29+00:00","breadcrumb":{"@id":"https:\/\/chateau-la-clyde.fr\/portes-ouvertes-cadillac\/#breadcrumb"},"inLanguage":"en-GB","potentialAction":[{"@type":"ReadAction","target":["https:\/\/chateau-la-clyde.fr\/portes-ouvertes-cadillac\/"]}]},{"@type":"BreadcrumbList","@id":"https:\/\/chateau-la-clyde.fr\/portes-ouvertes-cadillac\/#breadcrumb","itemListElement":[{"@type":"ListItem","position":1,"name":"Accueil","item":"https:\/\/chateau-la-clyde.fr\/"},{"@type":"ListItem","position":2,"name":"PORTES OUVERTES CADILLAC"}]},{"@type":"WebSite","@id":"https:\/\/chateau-la-clyde.fr\/#website","url":"https:\/\/chateau-la-clyde.fr\/","name":"Ch\u00e2teau La CLYDE. Vins de Bordeaux Bio et Biodynamie","description":"A Must-Have for Your Gourmet Meals","publisher":{"@id":"https:\/\/chateau-la-clyde.fr\/#organization"},"alternateName":"Ch\u00e2teau La Clyde","potentialAction":[{"@type":"SearchAction","target":{"@type":"EntryPoint","urlTemplate":"https:\/\/chateau-la-clyde.fr\/?s={search_term_string}"},"query-input":"required name=search_term_string"}],"inLanguage":"en-GB"},{"@type":"Organization","@id":"https:\/\/chateau-la-clyde.fr\/#organization","name":"Ch\u00e2teau La CLYDE","url":"https:\/\/chateau-la-clyde.fr\/","logo":{"@type":"ImageObject","inLanguage":"en-GB","@id":"https:\/\/chateau-la-clyde.fr\/#\/schema\/logo\/image\/","url":"https:\/\/chateau-la-clyde.fr\/wp-content\/uploads\/2023\/05\/chateau-la-clyde-logo-300.png","contentUrl":"https:\/\/chateau-la-clyde.fr\/wp-content\/uploads\/2023\/05\/chateau-la-clyde-logo-300.png","width":300,"height":300,"caption":"Ch\u00e2teau La CLYDE"},"image":{"@id":"https:\/\/chateau-la-clyde.fr\/#\/schema\/logo\/image\/"},"sameAs":["https:\/\/www.facebook.com\/CHATEAULACLYDE","https:\/\/www.instagram.com\/chateau.la.clyde\/","https:\/\/www.linkedin.com\/company\/chteau-la-clyde\/"]},{"@type":"Person","@id":"https:\/\/chateau-la-clyde.fr\/#\/schema\/person\/68b8d8b415901ab3da60f44b9e488633","name":"Florence","image":{"@type":"ImageObject","inLanguage":"en-GB","@id":"https:\/\/chateau-la-clyde.fr\/#\/schema\/person\/image\/","url":"https:\/\/secure.gravatar.com\/avatar\/6f80b5138b240ca93f792c9e244b512f?s=96&d=mm&r=g","contentUrl":"https:\/\/secure.gravatar.com\/avatar\/6f80b5138b240ca93f792c9e244b512f?s=96&d=mm&r=g","caption":"Florence"},"url":"https:\/\/chateau-la-clyde.fr\/en\/author\/florence684admin812yyy\/"}]}},"_links":{"self":[{"href":"https:\/\/chateau-la-clyde.fr\/en\/wp-json\/wp\/v2\/posts\/10789"}],"collection":[{"href":"https:\/\/chateau-la-clyde.fr\/en\/wp-json\/wp\/v2\/posts"}],"about":[{"href":"https:\/\/chateau-la-clyde.fr\/en\/wp-json\/wp\/v2\/types\/post"}],"author":[{"embeddable":true,"href":"https:\/\/chateau-la-clyde.fr\/en\/wp-json\/wp\/v2\/users\/3"}],"replies":[{"embeddable":true,"href":"https:\/\/chateau-la-clyde.fr\/en\/wp-json\/wp\/v2\/comments?post=10789"}],"version-history":[{"count":8,"href":"https:\/\/chateau-la-clyde.fr\/en\/wp-json\/wp\/v2\/posts\/10789\/revisions"}],"predecessor-version":[{"id":10958,"href":"https:\/\/chateau-la-clyde.fr\/en\/wp-json\/wp\/v2\/posts\/10789\/revisions\/10958"}],"wp:featuredmedia":[{"embeddable":true,"href":"https:\/\/chateau-la-clyde.fr\/en\/wp-json\/wp\/v2\/media\/10792"}],"wp:attachment":[{"href":"https:\/\/chateau-la-clyde.fr\/en\/wp-json\/wp\/v2\/media?parent=10789"}],"wp:term":[{"taxonomy":"category","embeddable":true,"href":"https:\/\/chateau-la-clyde.fr\/en\/wp-json\/wp\/v2\/categories?post=10789"},{"taxonomy":"post_tag","embeddable":true,"href":"https:\/\/chateau-la-clyde.fr\/en\/wp-json\/wp\/v2\/tags?post=10789"}],"curies":[{"name":"wp","href":"https:\/\/api.w.org\/{rel}","templated":true}]}}