{"id":10824,"date":"2023-03-10T17:10:30","date_gmt":"2023-03-10T16:10:30","guid":{"rendered":"https:\/\/chateau-la-clyde.fr\/?p=10824"},"modified":"2023-06-09T16:13:06","modified_gmt":"2023-06-09T14:13:06","slug":"portes-ouvertes-la-clyde","status":"publish","type":"post","link":"https:\/\/chateau-la-clyde.fr\/en\/portes-ouvertes-la-clyde\/","title":{"rendered":"PORTES OUVERTES LA CLYDE"},"content":{"rendered":"<p>[et_pb_section fb_built=\u00a0\u00bb1&Prime; admin_label=\u00a0\u00bbsection\u00a0\u00bb _builder_version=\u00a0\u00bb4.16&Prime; global_colors_info=\u00a0\u00bb{}\u00a0\u00bb][et_pb_row admin_label=\u00a0\u00bbrow\u00a0\u00bb _builder_version=\u00a0\u00bb4.16&Prime; background_size=\u00a0\u00bbinitial\u00a0\u00bb background_position=\u00a0\u00bbtop_left\u00a0\u00bb background_repeat=\u00a0\u00bbrepeat\u00a0\u00bb global_colors_info=\u00a0\u00bb{}\u00a0\u00bb][et_pb_column type=\u00a0\u00bb4_4&Prime; _builder_version=\u00a0\u00bb4.16&Prime; custom_padding=\u00a0\u00bb|||\u00a0\u00bb global_colors_info=\u00a0\u00bb{}\u00a0\u00bb custom_padding__hover=\u00a0\u00bb|||\u00a0\u00bb][et_pb_text _builder_version=\u00a0\u00bb4.21.0&Prime; _module_preset=\u00a0\u00bbdefault\u00a0\u00bb header_2_font=\u00a0\u00bbRoboto|700|on||||||\u00a0\u00bb header_2_text_color=\u00a0\u00bb#1F3B67&Prime; header_2_font_size=\u00a0\u00bb30px\u00a0\u00bb global_colors_info=\u00a0\u00bb{}\u00a0\u00bb]<\/p>\n<h2>Circuit d\u00e9couverte\u00a0 <\/h2>\n<p>[\/et_pb_text][et_pb_text admin_label=\u00a0\u00bbText\u00a0\u00bb _builder_version=\u00a0\u00bb4.21.0&Prime; text_font=\u00a0\u00bbRoboto||||||||\u00a0\u00bb text_text_color=\u00a0\u00bb#1F3B67&Prime; text_font_size=\u00a0\u00bb15px\u00a0\u00bb background_size=\u00a0\u00bbinitial\u00a0\u00bb background_position=\u00a0\u00bbtop_left\u00a0\u00bb background_repeat=\u00a0\u00bbrepeat\u00a0\u00bb hover_enabled=\u00a0\u00bb0&Prime; global_colors_info=\u00a0\u00bb{}\u00a0\u00bb sticky_enabled=\u00a0\u00bb0&Prime;]<\/p>\n<p>Le grand retour du rendez-vous annuel des vignerons des Cadillac C\u00f4tes de Bordeaux, les Journ\u00e9es Portes Ouvertes, mais dans un contexte diff\u00e9rent ! <br \/>En raison de la situation sanitaire, elles sont organis\u00e9es sous un format in\u00e9dit ! <br \/>Les propri\u00e9taires des ch\u00e2teaux de l&rsquo;appellation vous proposent des visites virtuelles de leur domaine, mais ce n&rsquo;est pas tout&#8230; <br \/>Benjamin Bardel, c\u00e9l\u00e8bre journaliste, notamment \u00e0 NRJ, viendra pr\u00eater main forte en interviewant les propri\u00e9taires sur place le samedi et le dimanche de 13h \u00e0 19h. <br \/>Vincent Micou, bloggeur, organisera des interviews de plusieurs propri\u00e9taires via des Instagram live, dans l&rsquo;apr\u00e8s-midi. <br \/>Des cours d&rsquo;initiation \u00e0 la d\u00e9gustation seront propos\u00e9s les samedi et dimanche matin toutes les 30 mn de 10h \u00e0 13h sur les r\u00e9seaux sociaux.<\/p>\n<p>Enfin, il sera possible de vous rendre chez un viticulteur sur rendez-vous au pr\u00e9alable.<\/p>\n<p>[\/et_pb_text][et_pb_image src=\u00a0\u00bbhttps:\/\/chateau-la-clyde.fr\/wp-content\/uploads\/2023\/06\/circuit-decouverte-cadillac-chateau-la-clyde.jpg\u00a0\u00bb title_text=\u00a0\u00bbcircuit-decouverte-cadillac-chateau-la-clyde\u00a0\u00bb _builder_version=\u00a0\u00bb4.21.0&Prime; _module_preset=\u00a0\u00bbdefault\u00a0\u00bb hover_enabled=\u00a0\u00bb0&Prime; global_colors_info=\u00a0\u00bb{}\u00a0\u00bb show_in_lightbox=\u00a0\u00bbon\u00a0\u00bb sticky_enabled=\u00a0\u00bb0&Prime; box_shadow_style=\u00a0\u00bbpreset2&Prime;][\/et_pb_image][\/et_pb_column][\/et_pb_row][\/et_pb_section][et_pb_section fb_built=\u00a0\u00bb1&Prime; _builder_version=\u00a0\u00bb4.21.0&Prime; _module_preset=\u00a0\u00bbdefault\u00a0\u00bb custom_padding=\u00a0\u00bb17px||9px|||\u00a0\u00bb global_colors_info=\u00a0\u00bb{}\u00a0\u00bb][et_pb_row _builder_version=\u00a0\u00bb4.21.0&Prime; _module_preset=\u00a0\u00bbdefault\u00a0\u00bb background_enable_image=\u00a0\u00bboff\u00a0\u00bb width=\u00a0\u00bb100%\u00a0\u00bb max_width=\u00a0\u00bb1888px\u00a0\u00bb custom_padding=\u00a0\u00bb13px||11px|||\u00a0\u00bb global_colors_info=\u00a0\u00bb{}\u00a0\u00bb][et_pb_column type=\u00a0\u00bb4_4&Prime; _builder_version=\u00a0\u00bb4.21.0&Prime; _module_preset=\u00a0\u00bbdefault\u00a0\u00bb global_colors_info=\u00a0\u00bb{}\u00a0\u00bb][et_pb_slider _builder_version=\u00a0\u00bb4.21.0&Prime; _module_preset=\u00a0\u00bbdefault\u00a0\u00bb custom_button=\u00a0\u00bbon\u00a0\u00bb button_text_size=\u00a0\u00bb17px\u00a0\u00bb button_text_color=\u00a0\u00bb#FFFFFF\u00a0\u00bb button_bg_color=\u00a0\u00bb#1F3B67&Prime; button_border_width=\u00a0\u00bb0px\u00a0\u00bb button_border_color=\u00a0\u00bb#39a741&Prime; button_border_radius=\u00a0\u00bb4px\u00a0\u00bb button_font=\u00a0\u00bbRoboto|700||on|||||\u00a0\u00bb button_text_size_tablet=\u00a0\u00bb17px\u00a0\u00bb button_text_size_phone=\u00a0\u00bb15px\u00a0\u00bb button_text_size_last_edited=\u00a0\u00bbon|phone\u00a0\u00bb button_text_shadow_style=\u00a0\u00bbpreset2&Prime; box_shadow_style=\u00a0\u00bbpreset2&Prime; box_shadow_style_button=\u00a0\u00bbpreset2&Prime; box_shadow_blur_button=\u00a0\u00bb5px\u00a0\u00bb global_colors_info=\u00a0\u00bb{}\u00a0\u00bb button_text_color__hover=\u00a0\u00bb#FFFFFF\u00a0\u00bb button_text_color__hover_enabled=\u00a0\u00bbon|hover\u00a0\u00bb button_bg_color__hover=\u00a0\u00bb#1F3B67&Prime; button_bg_color__hover_enabled=\u00a0\u00bbon|desktop\u00a0\u00bb button_border_color__hover=\u00a0\u00bb#AE783E\u00a0\u00bb button_border_color__hover_enabled=\u00a0\u00bbon\u00a0\u00bb button_border_radius__hover=\u00a0\u00bb4px\u00a0\u00bb button_border_radius__hover_enabled=\u00a0\u00bbon|hover\u00a0\u00bb][et_pb_slide heading=\u00a0\u00bbUne subtile harmonie entre la Nature et l&rsquo;Homme\u00a0\u00bb button_text=\u00a0\u00bbContactez-nous\u00a0\u00bb button_link=\u00a0\u00bbhttps:\/\/chateau-la-clyde.fr\/contact\/\u00a0\u00bb url_new_window=\u00a0\u00bbon\u00a0\u00bb use_text_overlay=\u00a0\u00bboff\u00a0\u00bb _builder_version=\u00a0\u00bb4.21.0&Prime; _module_preset=\u00a0\u00bbdefault\u00a0\u00bb header_font=\u00a0\u00bbRoboto|700|||||||\u00a0\u00bb header_text_color=\u00a0\u00bb#FFFFFF\u00a0\u00bb header_font_size=\u00a0\u00bb33px\u00a0\u00bb body_font=\u00a0\u00bbRoboto|700|||||||\u00a0\u00bb body_font_size=\u00a0\u00bb18px\u00a0\u00bb background_enable_color=\u00a0\u00bboff\u00a0\u00bb background_image=\u00a0\u00bbhttps:\/\/chateau-la-clyde.fr\/wp-content\/uploads\/2023\/05\/vignes-chateau-la-clyde-arc-en-ciel-clocher.jpg\u00a0\u00bb background_enable_image=\u00a0\u00bbon\u00a0\u00bb background_position=\u00a0\u00bbbottom_left\u00a0\u00bb header_font_size_tablet=\u00a0\u00bb33px\u00a0\u00bb header_font_size_phone=\u00a0\u00bb22px\u00a0\u00bb header_font_size_last_edited=\u00a0\u00bbon|phone\u00a0\u00bb background_last_edited=\u00a0\u00bbon|phone\u00a0\u00bb background_size_phone=\u00a0\u00bbcover\u00a0\u00bb background_position_tablet=\u00a0\u00bbbottom_left\u00a0\u00bb background_position_phone=\u00a0\u00bbbottom_left\u00a0\u00bb background_horizontal_offset_tablet=\u00a0\u00bb0%\u00a0\u00bb header_text_shadow_style=\u00a0\u00bbpreset1&Prime; body_text_shadow_style=\u00a0\u00bbpreset1&Prime; global_colors_info=\u00a0\u00bb{}\u00a0\u00bb sticky_transition=\u00a0\u00bbon\u00a0\u00bb]<\/p>\n<p>Un respect mutuel. Relier l&rsquo;intelligence du vivant.<\/p>\n<p>[\/et_pb_slide][\/et_pb_slider][\/et_pb_column][\/et_pb_row][\/et_pb_section]<\/p>\n","protected":false},"excerpt":{"rendered":"<p>Circuit d\u00e9couverte\u00a0 Le grand retour du rendez-vous annuel des vignerons des Cadillac C\u00f4tes de Bordeaux, les Journ\u00e9es Portes Ouvertes, mais dans un contexte diff\u00e9rent ! En raison de la situation sanitaire, elles sont organis\u00e9es sous un format in\u00e9dit ! Les propri\u00e9taires des ch\u00e2teaux de l&rsquo;appellation vous proposent des visites virtuelles de leur domaine, mais ce [&hellip;]<\/p>\n","protected":false},"author":3,"featured_media":10825,"comment_status":"open","ping_status":"open","sticky":false,"template":"","format":"standard","meta":{"_et_pb_use_builder":"on","_et_pb_old_content":"","_et_gb_content_width":""},"categories":[16],"tags":[],"yoast_head":"<!-- This site is optimized with the Yoast SEO plugin v21.8.1 - https:\/\/yoast.com\/wordpress\/plugins\/seo\/ -->\n<title>PORTES OUVERTES LA CLYDE - Ch\u00e2teau La CLYDE. Vins de Bordeaux Bio et Biodynamie<\/title>\n<meta name=\"robots\" content=\"index, follow, max-snippet:-1, max-image-preview:large, max-video-preview:-1\" \/>\n<link rel=\"canonical\" href=\"https:\/\/chateau-la-clyde.fr\/en\/portes-ouvertes-la-clyde\/\" \/>\n<meta property=\"og:locale\" content=\"en_GB\" \/>\n<meta property=\"og:type\" content=\"article\" \/>\n<meta property=\"og:title\" content=\"PORTES OUVERTES LA CLYDE - Ch\u00e2teau La CLYDE. Vins de Bordeaux Bio et Biodynamie\" \/>\n<meta property=\"og:description\" content=\"Circuit d\u00e9couverte\u00a0 Le grand retour du rendez-vous annuel des vignerons des Cadillac C\u00f4tes de Bordeaux, les Journ\u00e9es Portes Ouvertes, mais dans un contexte diff\u00e9rent ! En raison de la situation sanitaire, elles sont organis\u00e9es sous un format in\u00e9dit ! Les propri\u00e9taires des ch\u00e2teaux de l&#039;appellation vous proposent des visites virtuelles de leur domaine, mais ce [&hellip;]\" \/>\n<meta property=\"og:url\" content=\"https:\/\/chateau-la-clyde.fr\/en\/portes-ouvertes-la-clyde\/\" \/>\n<meta property=\"og:site_name\" content=\"Ch\u00e2teau La CLYDE. Vins de Bordeaux Bio et Biodynamie\" \/>\n<meta property=\"article:publisher\" content=\"https:\/\/www.facebook.com\/CHATEAULACLYDE\" \/>\n<meta property=\"article:published_time\" content=\"2023-03-10T16:10:30+00:00\" \/>\n<meta property=\"article:modified_time\" content=\"2023-06-09T14:13:06+00:00\" \/>\n<meta property=\"og:image\" content=\"https:\/\/chateau-la-clyde.fr\/wp-content\/uploads\/2023\/06\/portes-ouvertes-la-clyde.jpg\" \/>\n\t<meta property=\"og:image:width\" content=\"800\" \/>\n\t<meta property=\"og:image:height\" content=\"486\" \/>\n\t<meta property=\"og:image:type\" content=\"image\/jpeg\" \/>\n<meta name=\"author\" content=\"Florence\" \/>\n<script type=\"application\/ld+json\" class=\"yoast-schema-graph\">{\"@context\":\"https:\/\/schema.org\",\"@graph\":[{\"@type\":\"Article\",\"@id\":\"https:\/\/chateau-la-clyde.fr\/portes-ouvertes-la-clyde\/#article\",\"isPartOf\":{\"@id\":\"https:\/\/chateau-la-clyde.fr\/portes-ouvertes-la-clyde\/\"},\"author\":{\"name\":\"Florence\",\"@id\":\"https:\/\/chateau-la-clyde.fr\/#\/schema\/person\/68b8d8b415901ab3da60f44b9e488633\"},\"headline\":\"PORTES OUVERTES LA CLYDE\",\"datePublished\":\"2023-03-10T16:10:30+00:00\",\"dateModified\":\"2023-06-09T14:13:06+00:00\",\"mainEntityOfPage\":{\"@id\":\"https:\/\/chateau-la-clyde.fr\/portes-ouvertes-la-clyde\/\"},\"wordCount\":645,\"commentCount\":0,\"publisher\":{\"@id\":\"https:\/\/chateau-la-clyde.fr\/#organization\"},\"articleSection\":[\"\u00c9v\u00e9nements\"],\"inLanguage\":\"en-GB\",\"potentialAction\":[{\"@type\":\"CommentAction\",\"name\":\"Comment\",\"target\":[\"https:\/\/chateau-la-clyde.fr\/portes-ouvertes-la-clyde\/#respond\"]}]},{\"@type\":\"WebPage\",\"@id\":\"https:\/\/chateau-la-clyde.fr\/portes-ouvertes-la-clyde\/\",\"url\":\"https:\/\/chateau-la-clyde.fr\/portes-ouvertes-la-clyde\/\",\"name\":\"PORTES OUVERTES LA CLYDE - Ch\u00e2teau La CLYDE. Vins de Bordeaux Bio et Biodynamie\",\"isPartOf\":{\"@id\":\"https:\/\/chateau-la-clyde.fr\/#website\"},\"datePublished\":\"2023-03-10T16:10:30+00:00\",\"dateModified\":\"2023-06-09T14:13:06+00:00\",\"breadcrumb\":{\"@id\":\"https:\/\/chateau-la-clyde.fr\/portes-ouvertes-la-clyde\/#breadcrumb\"},\"inLanguage\":\"en-GB\",\"potentialAction\":[{\"@type\":\"ReadAction\",\"target\":[\"https:\/\/chateau-la-clyde.fr\/portes-ouvertes-la-clyde\/\"]}]},{\"@type\":\"BreadcrumbList\",\"@id\":\"https:\/\/chateau-la-clyde.fr\/portes-ouvertes-la-clyde\/#breadcrumb\",\"itemListElement\":[{\"@type\":\"ListItem\",\"position\":1,\"name\":\"Accueil\",\"item\":\"https:\/\/chateau-la-clyde.fr\/\"},{\"@type\":\"ListItem\",\"position\":2,\"name\":\"PORTES OUVERTES LA CLYDE\"}]},{\"@type\":\"WebSite\",\"@id\":\"https:\/\/chateau-la-clyde.fr\/#website\",\"url\":\"https:\/\/chateau-la-clyde.fr\/\",\"name\":\"Ch\u00e2teau La CLYDE. Vins de Bordeaux Bio et Biodynamie\",\"description\":\"Le complice indispensable de vos repas gastronomiques\",\"publisher\":{\"@id\":\"https:\/\/chateau-la-clyde.fr\/#organization\"},\"alternateName\":\"Ch\u00e2teau La Clyde\",\"potentialAction\":[{\"@type\":\"SearchAction\",\"target\":{\"@type\":\"EntryPoint\",\"urlTemplate\":\"https:\/\/chateau-la-clyde.fr\/?s={search_term_string}\"},\"query-input\":\"required name=search_term_string\"}],\"inLanguage\":\"en-GB\"},{\"@type\":\"Organization\",\"@id\":\"https:\/\/chateau-la-clyde.fr\/#organization\",\"name\":\"Ch\u00e2teau La CLYDE\",\"url\":\"https:\/\/chateau-la-clyde.fr\/\",\"logo\":{\"@type\":\"ImageObject\",\"inLanguage\":\"en-GB\",\"@id\":\"https:\/\/chateau-la-clyde.fr\/#\/schema\/logo\/image\/\",\"url\":\"https:\/\/chateau-la-clyde.fr\/wp-content\/uploads\/2023\/05\/chateau-la-clyde-logo-300.png\",\"contentUrl\":\"https:\/\/chateau-la-clyde.fr\/wp-content\/uploads\/2023\/05\/chateau-la-clyde-logo-300.png\",\"width\":300,\"height\":300,\"caption\":\"Ch\u00e2teau La CLYDE\"},\"image\":{\"@id\":\"https:\/\/chateau-la-clyde.fr\/#\/schema\/logo\/image\/\"},\"sameAs\":[\"https:\/\/www.facebook.com\/CHATEAULACLYDE\",\"https:\/\/www.instagram.com\/chateau.la.clyde\/\",\"https:\/\/www.linkedin.com\/company\/chteau-la-clyde\/\"]},{\"@type\":\"Person\",\"@id\":\"https:\/\/chateau-la-clyde.fr\/#\/schema\/person\/68b8d8b415901ab3da60f44b9e488633\",\"name\":\"Florence\",\"image\":{\"@type\":\"ImageObject\",\"inLanguage\":\"en-GB\",\"@id\":\"https:\/\/chateau-la-clyde.fr\/#\/schema\/person\/image\/\",\"url\":\"https:\/\/secure.gravatar.com\/avatar\/6f80b5138b240ca93f792c9e244b512f?s=96&d=mm&r=g\",\"contentUrl\":\"https:\/\/secure.gravatar.com\/avatar\/6f80b5138b240ca93f792c9e244b512f?s=96&d=mm&r=g\",\"caption\":\"Florence\"},\"url\":\"https:\/\/chateau-la-clyde.fr\/en\/author\/florence684admin812yyy\/\"}]}<\/script>\n<!-- \/ Yoast SEO plugin. -->","yoast_head_json":{"title":"PORTES OUVERTES LA CLYDE - Ch\u00e2teau La CLYDE. Vins de Bordeaux Bio et Biodynamie","robots":{"index":"index","follow":"follow","max-snippet":"max-snippet:-1","max-image-preview":"max-image-preview:large","max-video-preview":"max-video-preview:-1"},"canonical":"https:\/\/chateau-la-clyde.fr\/en\/portes-ouvertes-la-clyde\/","og_locale":"en_GB","og_type":"article","og_title":"PORTES OUVERTES LA CLYDE - Ch\u00e2teau La CLYDE. Vins de Bordeaux Bio et Biodynamie","og_description":"Circuit d\u00e9couverte\u00a0 Le grand retour du rendez-vous annuel des vignerons des Cadillac C\u00f4tes de Bordeaux, les Journ\u00e9es Portes Ouvertes, mais dans un contexte diff\u00e9rent ! En raison de la situation sanitaire, elles sont organis\u00e9es sous un format in\u00e9dit ! Les propri\u00e9taires des ch\u00e2teaux de l'appellation vous proposent des visites virtuelles de leur domaine, mais ce [&hellip;]","og_url":"https:\/\/chateau-la-clyde.fr\/en\/portes-ouvertes-la-clyde\/","og_site_name":"Ch\u00e2teau La CLYDE. Vins de Bordeaux Bio et Biodynamie","article_publisher":"https:\/\/www.facebook.com\/CHATEAULACLYDE","article_published_time":"2023-03-10T16:10:30+00:00","article_modified_time":"2023-06-09T14:13:06+00:00","og_image":[{"width":800,"height":486,"url":"https:\/\/chateau-la-clyde.fr\/wp-content\/uploads\/2023\/06\/portes-ouvertes-la-clyde.jpg","type":"image\/jpeg"}],"author":"Florence","schema":{"@context":"https:\/\/schema.org","@graph":[{"@type":"Article","@id":"https:\/\/chateau-la-clyde.fr\/portes-ouvertes-la-clyde\/#article","isPartOf":{"@id":"https:\/\/chateau-la-clyde.fr\/portes-ouvertes-la-clyde\/"},"author":{"name":"Florence","@id":"https:\/\/chateau-la-clyde.fr\/#\/schema\/person\/68b8d8b415901ab3da60f44b9e488633"},"headline":"PORTES OUVERTES LA CLYDE","datePublished":"2023-03-10T16:10:30+00:00","dateModified":"2023-06-09T14:13:06+00:00","mainEntityOfPage":{"@id":"https:\/\/chateau-la-clyde.fr\/portes-ouvertes-la-clyde\/"},"wordCount":645,"commentCount":0,"publisher":{"@id":"https:\/\/chateau-la-clyde.fr\/#organization"},"articleSection":["\u00c9v\u00e9nements"],"inLanguage":"en-GB","potentialAction":[{"@type":"CommentAction","name":"Comment","target":["https:\/\/chateau-la-clyde.fr\/portes-ouvertes-la-clyde\/#respond"]}]},{"@type":"WebPage","@id":"https:\/\/chateau-la-clyde.fr\/portes-ouvertes-la-clyde\/","url":"https:\/\/chateau-la-clyde.fr\/portes-ouvertes-la-clyde\/","name":"PORTES OUVERTES LA CLYDE - Ch\u00e2teau La CLYDE. Vins de Bordeaux Bio et Biodynamie","isPartOf":{"@id":"https:\/\/chateau-la-clyde.fr\/#website"},"datePublished":"2023-03-10T16:10:30+00:00","dateModified":"2023-06-09T14:13:06+00:00","breadcrumb":{"@id":"https:\/\/chateau-la-clyde.fr\/portes-ouvertes-la-clyde\/#breadcrumb"},"inLanguage":"en-GB","potentialAction":[{"@type":"ReadAction","target":["https:\/\/chateau-la-clyde.fr\/portes-ouvertes-la-clyde\/"]}]},{"@type":"BreadcrumbList","@id":"https:\/\/chateau-la-clyde.fr\/portes-ouvertes-la-clyde\/#breadcrumb","itemListElement":[{"@type":"ListItem","position":1,"name":"Accueil","item":"https:\/\/chateau-la-clyde.fr\/"},{"@type":"ListItem","position":2,"name":"PORTES OUVERTES LA CLYDE"}]},{"@type":"WebSite","@id":"https:\/\/chateau-la-clyde.fr\/#website","url":"https:\/\/chateau-la-clyde.fr\/","name":"Ch\u00e2teau La CLYDE. Vins de Bordeaux Bio et Biodynamie","description":"A Must-Have for Your Gourmet Meals","publisher":{"@id":"https:\/\/chateau-la-clyde.fr\/#organization"},"alternateName":"Ch\u00e2teau La Clyde","potentialAction":[{"@type":"SearchAction","target":{"@type":"EntryPoint","urlTemplate":"https:\/\/chateau-la-clyde.fr\/?s={search_term_string}"},"query-input":"required name=search_term_string"}],"inLanguage":"en-GB"},{"@type":"Organization","@id":"https:\/\/chateau-la-clyde.fr\/#organization","name":"Ch\u00e2teau La CLYDE","url":"https:\/\/chateau-la-clyde.fr\/","logo":{"@type":"ImageObject","inLanguage":"en-GB","@id":"https:\/\/chateau-la-clyde.fr\/#\/schema\/logo\/image\/","url":"https:\/\/chateau-la-clyde.fr\/wp-content\/uploads\/2023\/05\/chateau-la-clyde-logo-300.png","contentUrl":"https:\/\/chateau-la-clyde.fr\/wp-content\/uploads\/2023\/05\/chateau-la-clyde-logo-300.png","width":300,"height":300,"caption":"Ch\u00e2teau La CLYDE"},"image":{"@id":"https:\/\/chateau-la-clyde.fr\/#\/schema\/logo\/image\/"},"sameAs":["https:\/\/www.facebook.com\/CHATEAULACLYDE","https:\/\/www.instagram.com\/chateau.la.clyde\/","https:\/\/www.linkedin.com\/company\/chteau-la-clyde\/"]},{"@type":"Person","@id":"https:\/\/chateau-la-clyde.fr\/#\/schema\/person\/68b8d8b415901ab3da60f44b9e488633","name":"Florence","image":{"@type":"ImageObject","inLanguage":"en-GB","@id":"https:\/\/chateau-la-clyde.fr\/#\/schema\/person\/image\/","url":"https:\/\/secure.gravatar.com\/avatar\/6f80b5138b240ca93f792c9e244b512f?s=96&d=mm&r=g","contentUrl":"https:\/\/secure.gravatar.com\/avatar\/6f80b5138b240ca93f792c9e244b512f?s=96&d=mm&r=g","caption":"Florence"},"url":"https:\/\/chateau-la-clyde.fr\/en\/author\/florence684admin812yyy\/"}]}},"_links":{"self":[{"href":"https:\/\/chateau-la-clyde.fr\/en\/wp-json\/wp\/v2\/posts\/10824"}],"collection":[{"href":"https:\/\/chateau-la-clyde.fr\/en\/wp-json\/wp\/v2\/posts"}],"about":[{"href":"https:\/\/chateau-la-clyde.fr\/en\/wp-json\/wp\/v2\/types\/post"}],"author":[{"embeddable":true,"href":"https:\/\/chateau-la-clyde.fr\/en\/wp-json\/wp\/v2\/users\/3"}],"replies":[{"embeddable":true,"href":"https:\/\/chateau-la-clyde.fr\/en\/wp-json\/wp\/v2\/comments?post=10824"}],"version-history":[{"count":5,"href":"https:\/\/chateau-la-clyde.fr\/en\/wp-json\/wp\/v2\/posts\/10824\/revisions"}],"predecessor-version":[{"id":10957,"href":"https:\/\/chateau-la-clyde.fr\/en\/wp-json\/wp\/v2\/posts\/10824\/revisions\/10957"}],"wp:featuredmedia":[{"embeddable":true,"href":"https:\/\/chateau-la-clyde.fr\/en\/wp-json\/wp\/v2\/media\/10825"}],"wp:attachment":[{"href":"https:\/\/chateau-la-clyde.fr\/en\/wp-json\/wp\/v2\/media?parent=10824"}],"wp:term":[{"taxonomy":"category","embeddable":true,"href":"https:\/\/chateau-la-clyde.fr\/en\/wp-json\/wp\/v2\/categories?post=10824"},{"taxonomy":"post_tag","embeddable":true,"href":"https:\/\/chateau-la-clyde.fr\/en\/wp-json\/wp\/v2\/tags?post=10824"}],"curies":[{"name":"wp","href":"https:\/\/api.w.org\/{rel}","templated":true}]}}